{"id":106755,"date":"2024-05-02T09:54:47","date_gmt":"2024-05-02T09:54:47","guid":{"rendered":"https:\/\/kia.md\/?p=106755"},"modified":"2024-05-02T09:54:47","modified_gmt":"2024-05-02T09:54:47","slug":"centrul-auto-kia-va-felicita-cu-ocazia-sarbatorilor-de-primavara-si-anunta-reduceri-la-toate-modelele-de-automobile-kia","status":"publish","type":"post","link":"https:\/\/kia.md\/ro\/noutati\/centrul-auto-kia-va-felicita-cu-ocazia-sarbatorilor-de-primavara-si-anunta-reduceri-la-toate-modelele-de-automobile-kia\/","title":{"rendered":"Centrul auto Kia v\u0103 felicit\u0103 cu ocazia s\u0103rb\u0103torilor de prim\u0103var\u0103 \u0219i anun\u021b\u0103 reduceri la toate modelele de automobile Kia"},"content":{"rendered":"<p><span style=\"font-size: 14pt;\">Un automobil nou este \u00eentotdeauna o idee bun\u0103, iar un automobil nou Kia, la pre\u021b special de prim\u0103var\u0103, reprezint\u0103 o investi\u021bie minunat\u0103 \u00een viitor.<\/span><\/p>\n<p>&nbsp;<\/p>\n<p><span style=\"font-size: 14pt;\"><strong>Kia Sportage impresioneaz\u0103 \u00eenc\u0103 de la prima vedere!<\/strong> <\/span><\/p>\n<p><span style=\"font-size: 14pt;\">Este un crossover modern \u0219i dinamic, echipat cu func\u021bii avansate \u0219i un design unic.<img loading=\"lazy\" decoding=\"async\" class=\"size-full wp-image-106740 aligncenter\" src=\"https:\/\/kia.md\/wp-content\/uploads\/2024\/05\/sportage.png\" alt=\"\" width=\"1350\" height=\"900\" srcset=\"https:\/\/kia.md\/wp-content\/uploads\/2024\/05\/sportage.png 1350w, https:\/\/kia.md\/wp-content\/uploads\/2024\/05\/sportage-300x200.png 300w, https:\/\/kia.md\/wp-content\/uploads\/2024\/05\/sportage-1024x683.png 1024w, https:\/\/kia.md\/wp-content\/uploads\/2024\/05\/sportage-768x512.png 768w\" sizes=\"auto, (max-width: 1350px) 100vw, 1350px\" \/><\/span><\/p>\n<p>&nbsp;<\/p>\n<p><span style=\"font-size: 14pt;\"><strong>Kia Stonic &#8211; o ma\u0219in\u0103 str\u0103lucitoare pentru \u0219oferii activi.<\/strong> <\/span><\/p>\n<p><span style=\"font-size: 14pt;\">Este un crossover cu manevrabilitate uimitoare \u0219i un interior practic, perfect pentru condi\u021biile urbane.<img loading=\"lazy\" decoding=\"async\" class=\"size-full wp-image-106742 aligncenter\" src=\"https:\/\/kia.md\/wp-content\/uploads\/2024\/05\/stonic.png\" alt=\"\" width=\"1350\" height=\"900\" srcset=\"https:\/\/kia.md\/wp-content\/uploads\/2024\/05\/stonic.png 1350w, https:\/\/kia.md\/wp-content\/uploads\/2024\/05\/stonic-300x200.png 300w, https:\/\/kia.md\/wp-content\/uploads\/2024\/05\/stonic-1024x683.png 1024w, https:\/\/kia.md\/wp-content\/uploads\/2024\/05\/stonic-768x512.png 768w\" sizes=\"auto, (max-width: 1350px) 100vw, 1350px\" \/><\/span><\/p>\n<p>&nbsp;<\/p>\n<p><span style=\"font-size: 14pt;\"><strong>Kia Niro &#8211; Conducerea ecologic\u0103 ar trebui s\u0103 fie c\u00e2t mai simpl\u0103 \u0219i confortabil\u0103 posibil.<\/strong> <\/span><\/p>\n<p><span style=\"font-size: 14pt;\">Este un automobil hibrid cu consum eficient de combustibil \u0219i caracteristici ecologice.<img loading=\"lazy\" decoding=\"async\" class=\"size-full wp-image-106744 aligncenter\" src=\"https:\/\/kia.md\/wp-content\/uploads\/2024\/05\/niro.png\" alt=\"\" width=\"1350\" height=\"900\" srcset=\"https:\/\/kia.md\/wp-content\/uploads\/2024\/05\/niro.png 1350w, https:\/\/kia.md\/wp-content\/uploads\/2024\/05\/niro-300x200.png 300w, https:\/\/kia.md\/wp-content\/uploads\/2024\/05\/niro-1024x683.png 1024w, https:\/\/kia.md\/wp-content\/uploads\/2024\/05\/niro-768x512.png 768w\" sizes=\"auto, (max-width: 1350px) 100vw, 1350px\" \/><\/span><\/p>\n<p>&nbsp;<\/p>\n<p><span style=\"font-size: 14pt;\"><strong>Kia xCeed &#8211; Urma\u021bi spre cel mai bun, bucura\u021bi-v\u0103 de cel mai bun!<\/strong> <\/span><\/p>\n<p><span style=\"font-size: 14pt;\">Acesta \u00eembin\u0103 un stil modern \u0219i tehnologii avansate, f\u0103c\u00e2ndu-l o alegere excelent\u0103 pentru cei care caut\u0103 o combina\u021bie echilibrat\u0103 \u00eentre stil \u0219i func\u021bionalitate \u00een ma\u0219ina lor.<img loading=\"lazy\" decoding=\"async\" class=\"size-full wp-image-106746 aligncenter\" src=\"https:\/\/kia.md\/wp-content\/uploads\/2024\/05\/xceed.png\" alt=\"\" width=\"1350\" height=\"900\" srcset=\"https:\/\/kia.md\/wp-content\/uploads\/2024\/05\/xceed.png 1350w, https:\/\/kia.md\/wp-content\/uploads\/2024\/05\/xceed-300x200.png 300w, https:\/\/kia.md\/wp-content\/uploads\/2024\/05\/xceed-1024x683.png 1024w, https:\/\/kia.md\/wp-content\/uploads\/2024\/05\/xceed-768x512.png 768w\" sizes=\"auto, (max-width: 1350px) 100vw, 1350px\" \/><\/span><\/p>\n<p style=\"text-align: center;\"><span style=\"font-size: 14pt;\">La centrul auto KIA v\u0103 a\u0219teapt\u0103 cele mai avantajoase oferte de prim\u0103var\u0103, precum \u0219i cea mai bun\u0103 ofert\u0103 de leasing!<\/span><\/p>\n<p style=\"text-align: center;\"><span style=\"font-size: 14pt;\">KIA Moldova<\/span><br \/>\n<span style=\"font-size: 14pt;\">mun. Chi\u0219in\u0103u, str. \u0218oimeni, 18<\/span><br \/>\n<span style=\"font-size: 14pt;\">mun. B\u0103l\u021bi, str. Nicolae Iorga, 6\/1<\/span><br \/>\n<span style=\"font-size: 14pt;\">Tel: (022) 022 811 888<\/span><br \/>\n<span style=\"font-size: 14pt;\">e-mail: sales@autoframe.md<\/span><br \/>\n<span style=\"font-size: 14pt;\">www.kia.md<\/span><\/p>\n","protected":false},"excerpt":{"rendered":"<p>Un automobil nou este \u00eentotdeauna o idee bun\u0103, iar un automobil nou Kia, la pre\u021b special de prim\u0103var\u0103, reprezint\u0103 o investi\u021bie minunat\u0103 \u00een viitor. &nbsp; Kia Sportage impresioneaz\u0103 \u00eenc\u0103 de la prima vedere! Este un crossover modern \u0219i dinamic, echipat cu func\u021bii avansate \u0219i un design unic. &nbsp; Kia Stonic &#8211; o ma\u0219in\u0103 str\u0103lucitoare pentru [&hellip;]<\/p>\n","protected":false},"author":5,"featured_media":106738,"comment_status":"open","ping_status":"open","sticky":false,"template":"","format":"standard","meta":{"footnotes":""},"categories":[47],"tags":[],"class_list":["post-106755","post","type-post","status-publish","format-standard","has-post-thumbnail","hentry","category-noutati"],"yoast_head":"<!-- This site is optimized with the Yoast SEO plugin v26.6 - https:\/\/yoast.com\/wordpress\/plugins\/seo\/ -->\n<title>Centrul auto Kia v\u0103 felicit\u0103 cu ocazia s\u0103rb\u0103torilor de prim\u0103var\u0103 \u0219i anun\u021b\u0103 reduceri la toate modelele de automobile Kia - KIA Moldova<\/title>\n<meta name=\"robots\" content=\"index, follow, max-snippet:-1, max-image-preview:large, max-video-preview:-1\" \/>\n<link rel=\"canonical\" href=\"https:\/\/kia.md\/ro\/noutati\/centrul-auto-kia-va-felicita-cu-ocazia-sarbatorilor-de-primavara-si-anunta-reduceri-la-toate-modelele-de-automobile-kia\/\" \/>\n<meta property=\"og:locale\" content=\"ro_RO\" \/>\n<meta property=\"og:type\" content=\"article\" \/>\n<meta property=\"og:title\" content=\"Centrul auto Kia v\u0103 felicit\u0103 cu ocazia s\u0103rb\u0103torilor de prim\u0103var\u0103 \u0219i anun\u021b\u0103 reduceri la toate modelele de automobile Kia - KIA Moldova\" \/>\n<meta property=\"og:description\" content=\"Un automobil nou este \u00eentotdeauna o idee bun\u0103, iar un automobil nou Kia, la pre\u021b special de prim\u0103var\u0103, reprezint\u0103 o investi\u021bie minunat\u0103 \u00een viitor. &nbsp; Kia Sportage impresioneaz\u0103 \u00eenc\u0103 de la prima vedere! Este un crossover modern \u0219i dinamic, echipat cu func\u021bii avansate \u0219i un design unic. &nbsp; Kia Stonic &#8211; o ma\u0219in\u0103 str\u0103lucitoare pentru [&hellip;]\" \/>\n<meta property=\"og:url\" content=\"https:\/\/kia.md\/ro\/noutati\/centrul-auto-kia-va-felicita-cu-ocazia-sarbatorilor-de-primavara-si-anunta-reduceri-la-toate-modelele-de-automobile-kia\/\" \/>\n<meta property=\"og:site_name\" content=\"KIA Moldova\" \/>\n<meta property=\"article:published_time\" content=\"2024-05-02T09:54:47+00:00\" \/>\n<meta property=\"og:image\" content=\"https:\/\/kia.md\/wp-content\/uploads\/2024\/05\/sajt.png\" \/>\n\t<meta property=\"og:image:width\" content=\"1920\" \/>\n\t<meta property=\"og:image:height\" content=\"1080\" \/>\n\t<meta property=\"og:image:type\" content=\"image\/png\" \/>\n<meta name=\"author\" content=\"marketing\" \/>\n<meta name=\"twitter:card\" content=\"summary_large_image\" \/>\n<meta name=\"twitter:label1\" content=\"Scris de\" \/>\n\t<meta name=\"twitter:data1\" content=\"marketing\" \/>\n\t<meta name=\"twitter:label2\" content=\"Timp estimat pentru citire\" \/>\n\t<meta name=\"twitter:data2\" content=\"2 minute\" \/>\n<script type=\"application\/ld+json\" class=\"yoast-schema-graph\">{\"@context\":\"https:\/\/schema.org\",\"@graph\":[{\"@type\":\"WebPage\",\"@id\":\"https:\/\/kia.md\/ro\/noutati\/centrul-auto-kia-va-felicita-cu-ocazia-sarbatorilor-de-primavara-si-anunta-reduceri-la-toate-modelele-de-automobile-kia\/\",\"url\":\"https:\/\/kia.md\/ro\/noutati\/centrul-auto-kia-va-felicita-cu-ocazia-sarbatorilor-de-primavara-si-anunta-reduceri-la-toate-modelele-de-automobile-kia\/\",\"name\":\"Centrul auto Kia v\u0103 felicit\u0103 cu ocazia s\u0103rb\u0103torilor de prim\u0103var\u0103 \u0219i anun\u021b\u0103 reduceri la toate modelele de automobile Kia - KIA Moldova\",\"isPartOf\":{\"@id\":\"https:\/\/kia.md\/ro\/#website\"},\"primaryImageOfPage\":{\"@id\":\"https:\/\/kia.md\/ro\/noutati\/centrul-auto-kia-va-felicita-cu-ocazia-sarbatorilor-de-primavara-si-anunta-reduceri-la-toate-modelele-de-automobile-kia\/#primaryimage\"},\"image\":{\"@id\":\"https:\/\/kia.md\/ro\/noutati\/centrul-auto-kia-va-felicita-cu-ocazia-sarbatorilor-de-primavara-si-anunta-reduceri-la-toate-modelele-de-automobile-kia\/#primaryimage\"},\"thumbnailUrl\":\"https:\/\/kia.md\/wp-content\/uploads\/2024\/05\/sajt.png\",\"datePublished\":\"2024-05-02T09:54:47+00:00\",\"author\":{\"@id\":\"https:\/\/kia.md\/ro\/#\/schema\/person\/205413784eacca067c8745359e9636d0\"},\"breadcrumb\":{\"@id\":\"https:\/\/kia.md\/ro\/noutati\/centrul-auto-kia-va-felicita-cu-ocazia-sarbatorilor-de-primavara-si-anunta-reduceri-la-toate-modelele-de-automobile-kia\/#breadcrumb\"},\"inLanguage\":\"ro-RO\",\"potentialAction\":[{\"@type\":\"ReadAction\",\"target\":[\"https:\/\/kia.md\/ro\/noutati\/centrul-auto-kia-va-felicita-cu-ocazia-sarbatorilor-de-primavara-si-anunta-reduceri-la-toate-modelele-de-automobile-kia\/\"]}]},{\"@type\":\"ImageObject\",\"inLanguage\":\"ro-RO\",\"@id\":\"https:\/\/kia.md\/ro\/noutati\/centrul-auto-kia-va-felicita-cu-ocazia-sarbatorilor-de-primavara-si-anunta-reduceri-la-toate-modelele-de-automobile-kia\/#primaryimage\",\"url\":\"https:\/\/kia.md\/wp-content\/uploads\/2024\/05\/sajt.png\",\"contentUrl\":\"https:\/\/kia.md\/wp-content\/uploads\/2024\/05\/sajt.png\",\"width\":1920,\"height\":1080},{\"@type\":\"BreadcrumbList\",\"@id\":\"https:\/\/kia.md\/ro\/noutati\/centrul-auto-kia-va-felicita-cu-ocazia-sarbatorilor-de-primavara-si-anunta-reduceri-la-toate-modelele-de-automobile-kia\/#breadcrumb\",\"itemListElement\":[{\"@type\":\"ListItem\",\"position\":1,\"name\":\"\u0413\u043b\u0430\u0432\u043d\u0430\u044f \u0441\u0442\u0440\u0430\u043d\u0438\u0446\u0430\",\"item\":\"https:\/\/kia.md\/ro\/\"},{\"@type\":\"ListItem\",\"position\":2,\"name\":\"Centrul auto Kia v\u0103 felicit\u0103 cu ocazia s\u0103rb\u0103torilor de prim\u0103var\u0103 \u0219i anun\u021b\u0103 reduceri la toate modelele de automobile Kia\"}]},{\"@type\":\"WebSite\",\"@id\":\"https:\/\/kia.md\/ro\/#website\",\"url\":\"https:\/\/kia.md\/ro\/\",\"name\":\"KIA Moldova\",\"description\":\"AutoFrame-FM distribuitorul oficial al automobilelor KIA \u00een Moldova, Chi\u0219in\u0103u Socoleni18 kia md\",\"potentialAction\":[{\"@type\":\"SearchAction\",\"target\":{\"@type\":\"EntryPoint\",\"urlTemplate\":\"https:\/\/kia.md\/ro\/?s={search_term_string}\"},\"query-input\":{\"@type\":\"PropertyValueSpecification\",\"valueRequired\":true,\"valueName\":\"search_term_string\"}}],\"inLanguage\":\"ro-RO\"},{\"@type\":\"Person\",\"@id\":\"https:\/\/kia.md\/ro\/#\/schema\/person\/205413784eacca067c8745359e9636d0\",\"name\":\"marketing\",\"image\":{\"@type\":\"ImageObject\",\"inLanguage\":\"ro-RO\",\"@id\":\"https:\/\/kia.md\/ro\/#\/schema\/person\/image\/\",\"url\":\"https:\/\/secure.gravatar.com\/avatar\/f96039bc589464dee838a500d6884b737e670fe43fae87c672ce65e75b374dc1?s=96&d=mm&r=g\",\"contentUrl\":\"https:\/\/secure.gravatar.com\/avatar\/f96039bc589464dee838a500d6884b737e670fe43fae87c672ce65e75b374dc1?s=96&d=mm&r=g\",\"caption\":\"marketing\"},\"url\":\"https:\/\/kia.md\/ro\/author\/marketing\/\"}]}<\/script>\n<!-- \/ Yoast SEO plugin. -->","yoast_head_json":{"title":"Centrul auto Kia v\u0103 felicit\u0103 cu ocazia s\u0103rb\u0103torilor de prim\u0103var\u0103 \u0219i anun\u021b\u0103 reduceri la toate modelele de automobile Kia - KIA Moldova","robots":{"index":"index","follow":"follow","max-snippet":"max-snippet:-1","max-image-preview":"max-image-preview:large","max-video-preview":"max-video-preview:-1"},"canonical":"https:\/\/kia.md\/ro\/noutati\/centrul-auto-kia-va-felicita-cu-ocazia-sarbatorilor-de-primavara-si-anunta-reduceri-la-toate-modelele-de-automobile-kia\/","og_locale":"ro_RO","og_type":"article","og_title":"Centrul auto Kia v\u0103 felicit\u0103 cu ocazia s\u0103rb\u0103torilor de prim\u0103var\u0103 \u0219i anun\u021b\u0103 reduceri la toate modelele de automobile Kia - KIA Moldova","og_description":"Un automobil nou este \u00eentotdeauna o idee bun\u0103, iar un automobil nou Kia, la pre\u021b special de prim\u0103var\u0103, reprezint\u0103 o investi\u021bie minunat\u0103 \u00een viitor. &nbsp; Kia Sportage impresioneaz\u0103 \u00eenc\u0103 de la prima vedere! Este un crossover modern \u0219i dinamic, echipat cu func\u021bii avansate \u0219i un design unic. &nbsp; Kia Stonic &#8211; o ma\u0219in\u0103 str\u0103lucitoare pentru [&hellip;]","og_url":"https:\/\/kia.md\/ro\/noutati\/centrul-auto-kia-va-felicita-cu-ocazia-sarbatorilor-de-primavara-si-anunta-reduceri-la-toate-modelele-de-automobile-kia\/","og_site_name":"KIA Moldova","article_published_time":"2024-05-02T09:54:47+00:00","og_image":[{"width":1920,"height":1080,"url":"https:\/\/kia.md\/wp-content\/uploads\/2024\/05\/sajt.png","type":"image\/png"}],"author":"marketing","twitter_card":"summary_large_image","twitter_misc":{"Scris de":"marketing","Timp estimat pentru citire":"2 minute"},"schema":{"@context":"https:\/\/schema.org","@graph":[{"@type":"WebPage","@id":"https:\/\/kia.md\/ro\/noutati\/centrul-auto-kia-va-felicita-cu-ocazia-sarbatorilor-de-primavara-si-anunta-reduceri-la-toate-modelele-de-automobile-kia\/","url":"https:\/\/kia.md\/ro\/noutati\/centrul-auto-kia-va-felicita-cu-ocazia-sarbatorilor-de-primavara-si-anunta-reduceri-la-toate-modelele-de-automobile-kia\/","name":"Centrul auto Kia v\u0103 felicit\u0103 cu ocazia s\u0103rb\u0103torilor de prim\u0103var\u0103 \u0219i anun\u021b\u0103 reduceri la toate modelele de automobile Kia - KIA Moldova","isPartOf":{"@id":"https:\/\/kia.md\/ro\/#website"},"primaryImageOfPage":{"@id":"https:\/\/kia.md\/ro\/noutati\/centrul-auto-kia-va-felicita-cu-ocazia-sarbatorilor-de-primavara-si-anunta-reduceri-la-toate-modelele-de-automobile-kia\/#primaryimage"},"image":{"@id":"https:\/\/kia.md\/ro\/noutati\/centrul-auto-kia-va-felicita-cu-ocazia-sarbatorilor-de-primavara-si-anunta-reduceri-la-toate-modelele-de-automobile-kia\/#primaryimage"},"thumbnailUrl":"https:\/\/kia.md\/wp-content\/uploads\/2024\/05\/sajt.png","datePublished":"2024-05-02T09:54:47+00:00","author":{"@id":"https:\/\/kia.md\/ro\/#\/schema\/person\/205413784eacca067c8745359e9636d0"},"breadcrumb":{"@id":"https:\/\/kia.md\/ro\/noutati\/centrul-auto-kia-va-felicita-cu-ocazia-sarbatorilor-de-primavara-si-anunta-reduceri-la-toate-modelele-de-automobile-kia\/#breadcrumb"},"inLanguage":"ro-RO","potentialAction":[{"@type":"ReadAction","target":["https:\/\/kia.md\/ro\/noutati\/centrul-auto-kia-va-felicita-cu-ocazia-sarbatorilor-de-primavara-si-anunta-reduceri-la-toate-modelele-de-automobile-kia\/"]}]},{"@type":"ImageObject","inLanguage":"ro-RO","@id":"https:\/\/kia.md\/ro\/noutati\/centrul-auto-kia-va-felicita-cu-ocazia-sarbatorilor-de-primavara-si-anunta-reduceri-la-toate-modelele-de-automobile-kia\/#primaryimage","url":"https:\/\/kia.md\/wp-content\/uploads\/2024\/05\/sajt.png","contentUrl":"https:\/\/kia.md\/wp-content\/uploads\/2024\/05\/sajt.png","width":1920,"height":1080},{"@type":"BreadcrumbList","@id":"https:\/\/kia.md\/ro\/noutati\/centrul-auto-kia-va-felicita-cu-ocazia-sarbatorilor-de-primavara-si-anunta-reduceri-la-toate-modelele-de-automobile-kia\/#breadcrumb","itemListElement":[{"@type":"ListItem","position":1,"name":"\u0413\u043b\u0430\u0432\u043d\u0430\u044f \u0441\u0442\u0440\u0430\u043d\u0438\u0446\u0430","item":"https:\/\/kia.md\/ro\/"},{"@type":"ListItem","position":2,"name":"Centrul auto Kia v\u0103 felicit\u0103 cu ocazia s\u0103rb\u0103torilor de prim\u0103var\u0103 \u0219i anun\u021b\u0103 reduceri la toate modelele de automobile Kia"}]},{"@type":"WebSite","@id":"https:\/\/kia.md\/ro\/#website","url":"https:\/\/kia.md\/ro\/","name":"KIA Moldova","description":"AutoFrame-FM distribuitorul oficial al automobilelor KIA \u00een Moldova, Chi\u0219in\u0103u Socoleni18 kia md","potentialAction":[{"@type":"SearchAction","target":{"@type":"EntryPoint","urlTemplate":"https:\/\/kia.md\/ro\/?s={search_term_string}"},"query-input":{"@type":"PropertyValueSpecification","valueRequired":true,"valueName":"search_term_string"}}],"inLanguage":"ro-RO"},{"@type":"Person","@id":"https:\/\/kia.md\/ro\/#\/schema\/person\/205413784eacca067c8745359e9636d0","name":"marketing","image":{"@type":"ImageObject","inLanguage":"ro-RO","@id":"https:\/\/kia.md\/ro\/#\/schema\/person\/image\/","url":"https:\/\/secure.gravatar.com\/avatar\/f96039bc589464dee838a500d6884b737e670fe43fae87c672ce65e75b374dc1?s=96&d=mm&r=g","contentUrl":"https:\/\/secure.gravatar.com\/avatar\/f96039bc589464dee838a500d6884b737e670fe43fae87c672ce65e75b374dc1?s=96&d=mm&r=g","caption":"marketing"},"url":"https:\/\/kia.md\/ro\/author\/marketing\/"}]}},"_links":{"self":[{"href":"https:\/\/kia.md\/ro\/wp-json\/wp\/v2\/posts\/106755","targetHints":{"allow":["GET"]}}],"collection":[{"href":"https:\/\/kia.md\/ro\/wp-json\/wp\/v2\/posts"}],"about":[{"href":"https:\/\/kia.md\/ro\/wp-json\/wp\/v2\/types\/post"}],"author":[{"embeddable":true,"href":"https:\/\/kia.md\/ro\/wp-json\/wp\/v2\/users\/5"}],"replies":[{"embeddable":true,"href":"https:\/\/kia.md\/ro\/wp-json\/wp\/v2\/comments?post=106755"}],"version-history":[{"count":1,"href":"https:\/\/kia.md\/ro\/wp-json\/wp\/v2\/posts\/106755\/revisions"}],"predecessor-version":[{"id":106756,"href":"https:\/\/kia.md\/ro\/wp-json\/wp\/v2\/posts\/106755\/revisions\/106756"}],"wp:featuredmedia":[{"embeddable":true,"href":"https:\/\/kia.md\/ro\/wp-json\/wp\/v2\/media\/106738"}],"wp:attachment":[{"href":"https:\/\/kia.md\/ro\/wp-json\/wp\/v2\/media?parent=106755"}],"wp:term":[{"taxonomy":"category","embeddable":true,"href":"https:\/\/kia.md\/ro\/wp-json\/wp\/v2\/categories?post=106755"},{"taxonomy":"post_tag","embeddable":true,"href":"https:\/\/kia.md\/ro\/wp-json\/wp\/v2\/tags?post=106755"}],"curies":[{"name":"wp","href":"https:\/\/api.w.org\/{rel}","templated":true}]}}