{"id":57791,"date":"2021-12-13T15:17:04","date_gmt":"2021-12-13T15:17:04","guid":{"rendered":"https:\/\/kia.md\/?p=57791"},"modified":"2021-12-17T08:44:50","modified_gmt":"2021-12-17T08:44:50","slug":"kia-atinge-un-record-de-vanzari-spectaculos-pe-piata-europeana-de-automobile","status":"publish","type":"post","link":"https:\/\/kia.md\/ro\/noutati\/kia-atinge-un-record-de-vanzari-spectaculos-pe-piata-europeana-de-automobile\/","title":{"rendered":"KIA ATINGE UN RECORD DE V\u00c2NZ\u0102RI SPECTACULOS PE PIA\u021aA EUROPEAN\u0102 DE AUTOMOBILE"},"content":{"rendered":"<div><span style=\"font-size: 14pt;\">Conform noilor cifre publicate de ACEA* (Asocia\u021bia produc\u0103torilor europeni de automobile), KIA a atins un nou record pe Continentul European, acapar\u00e2nd 5.4% din pia\u021ba automobilelor de pasageri. Acest lucru se datoreaz\u0103 unei performan\u021be record \u00een primele nou\u0103 luni ale anului, \u00een care KIA a ob\u021binut o cot\u0103 de pia\u021b\u0103 de 4.2% \u00een Europa pentru trimestrul 3 YTD (Year To Date).<\/span><\/div>\n<p><\/br><\/p>\n<div><\/div>\n<div><span style=\"font-size: 14pt;\">\u00cen primele 10 luni ale anului 2021, \u00eenmatricul\u0103rile automobilelor de pasageri au crescut cu doar 2.7% pe pie\u021bele UE, EFTA \u0219i Marea Britanie comparativ cu aceea\u0219i perioad\u0103 a anului trecut, subliniind \u0219i mai mult cre\u0219terea remarcabil\u0103 pe care KIA a ob\u021binut-o \u00een Europa. Anali\u0219tii auto au prefigurat o perioad\u0103 de declin pentru pia\u021ba european\u0103 a automobilelor \u00een ultima perioad\u0103, iar aceste ultime cifre eviden\u021biaz\u0103 a patra lun\u0103 consecutiv\u0103 \u00een care \u00eenmatricul\u0103rile au sc\u0103zut. Pe fondul sc\u0103derii cifrelor de pia\u021b\u0103 din cauza pandemiei, a congestion\u0103rii produc\u021biei \u0219i a crizei semiconductorilor, cifra general\u0103 a v\u00e2nz\u0103rilor din octombrie a fost cea mai sc\u0103zut\u0103 de c\u00e2nd au \u00eenceput \u00eenregistr\u0103rile.<\/span><\/div>\n<p><\/br><\/p>\n<div><\/div>\n<div><span style=\"font-size: 14pt;\">\u00cen total, \u00een octombrie au fost v\u00e2ndute 798.693 de unit\u0103\u021bi pe pie\u021bele EU, EFTA \u0219i Marea Britanie, dintre care cota de pia\u021b\u0103 de 5.4% realizat\u0103 de KIA a reprezentat 42.809 unit\u0103\u021bi. Cifrele furnizate p\u00e2n\u0103 \u00een prezent arat\u0103 o cre\u0219tere impresionant\u0103 de 21.9% pentru marca coreean\u0103 care a v\u00e2ndut 430.525 de unit\u0103\u021bi \u00een 2021, comparativ cu 353.053 \u00een aceea\u0219i perioad\u0103 a anului 2020.<\/span><\/div>\n<p><\/br><\/p>\n<div><\/div>\n<div><span style=\"font-size: 14pt;\">Jason Jeong, pre\u0219edintele KIA Europe, a comentat: <i><b>\u201e2021 a fost un an provocator pentru toate industriile, iar sectorul auto a fost afectat de mai multe probleme. Cu toate acestea, a fost, de asemenea, un an de reflec\u021bie \u0219i cre\u0219tere, care a v\u0103zut KIA transform\u00e2ndu-se \u00eentr-un furnizor de servicii de mobilitate sustenabil\u0103 potrivit pentru viitor, pe baza noilor noastre automobile electrificate \u0219i cu emisii reduse, care atrag clien\u021bii KIA vechi \u0219i noi \u0219i fac\u00a0 mobilitatea sustenabil\u0103 o alegere realist\u0103 \u0219i accesibil\u0103 pentru to\u021bi. Aceast\u0103 cot\u0103 de pia\u021b\u0103 incredibil\u0103 de 5,4% reflect\u0103 puterea m\u0103rcii noastre \u0219i valoarea pe care produsele noastre o aduc pe pia\u021ba european\u0103.\u201d<\/b><\/i><\/span><\/div>\n<p><\/br><\/p>\n<div><\/div>\n<div><span style=\"font-size: 14pt;\">KIA a \u00eenceput recent comercializarea \u00een toat\u0103 Europa a primului s\u0103u automobil electric dedicat, EV6. Cu o autonomie de 528 de kilometri \u0219i \u00eenc\u0103rcare ultra-rapid\u0103, ad\u0103ugarea modelului EV6 \u00een gam\u0103 plaseaz\u0103 KIA \u00eentr-o pozi\u021bie puternic\u0103 pentru o cre\u0219tere viitoare.<\/span><\/div>\n<p><\/br><\/p>\n<div><\/div>\n<div><img loading=\"lazy\" decoding=\"async\" class=\"alignnone wp-image-57786 size-full\" src=\"https:\/\/kia.md\/wp-content\/uploads\/2021\/12\/96c7bbb0-9152-11eb-9fff-8e22aa512e0c.jpg\" alt=\"\" width=\"1906\" height=\"1106\" srcset=\"https:\/\/kia.md\/wp-content\/uploads\/2021\/12\/96c7bbb0-9152-11eb-9fff-8e22aa512e0c.jpg 1906w, https:\/\/kia.md\/wp-content\/uploads\/2021\/12\/96c7bbb0-9152-11eb-9fff-8e22aa512e0c-300x174.jpg 300w, https:\/\/kia.md\/wp-content\/uploads\/2021\/12\/96c7bbb0-9152-11eb-9fff-8e22aa512e0c-1024x594.jpg 1024w, https:\/\/kia.md\/wp-content\/uploads\/2021\/12\/96c7bbb0-9152-11eb-9fff-8e22aa512e0c-768x446.jpg 768w, https:\/\/kia.md\/wp-content\/uploads\/2021\/12\/96c7bbb0-9152-11eb-9fff-8e22aa512e0c-1536x891.jpg 1536w\" sizes=\"auto, (max-width: 1906px) 100vw, 1906px\" \/><\/div>\n","protected":false},"excerpt":{"rendered":"<p>Conform noilor cifre publicate de ACEA* (Asocia\u021bia produc\u0103torilor europeni de automobile), KIA a atins un nou record pe Continentul European, acapar\u00e2nd 5.4% din pia\u021ba automobilelor de pasageri. Acest lucru se datoreaz\u0103 unei performan\u021be record \u00een primele nou\u0103 luni ale anului, \u00een care KIA a ob\u021binut o cot\u0103 de pia\u021b\u0103 de 4.2% \u00een Europa pentru trimestrul [&hellip;]<\/p>\n","protected":false},"author":1,"featured_media":57789,"comment_status":"open","ping_status":"open","sticky":false,"template":"","format":"standard","meta":{"footnotes":""},"categories":[47],"tags":[],"class_list":["post-57791","post","type-post","status-publish","format-standard","has-post-thumbnail","hentry","category-noutati"],"yoast_head":"<!-- This site is optimized with the Yoast SEO plugin v26.6 - https:\/\/yoast.com\/wordpress\/plugins\/seo\/ -->\n<title>KIA ATINGE UN RECORD DE V\u00c2NZ\u0102RI SPECTACULOS PE PIA\u021aA EUROPEAN\u0102 DE AUTOMOBILE - KIA Moldova<\/title>\n<meta name=\"robots\" content=\"index, follow, max-snippet:-1, max-image-preview:large, max-video-preview:-1\" \/>\n<link rel=\"canonical\" href=\"https:\/\/kia.md\/ro\/noutati\/kia-atinge-un-record-de-vanzari-spectaculos-pe-piata-europeana-de-automobile\/\" \/>\n<meta property=\"og:locale\" content=\"ro_RO\" \/>\n<meta property=\"og:type\" content=\"article\" \/>\n<meta property=\"og:title\" content=\"KIA ATINGE UN RECORD DE V\u00c2NZ\u0102RI SPECTACULOS PE PIA\u021aA EUROPEAN\u0102 DE AUTOMOBILE - KIA Moldova\" \/>\n<meta property=\"og:description\" content=\"Conform noilor cifre publicate de ACEA* (Asocia\u021bia produc\u0103torilor europeni de automobile), KIA a atins un nou record pe Continentul European, acapar\u00e2nd 5.4% din pia\u021ba automobilelor de pasageri. Acest lucru se datoreaz\u0103 unei performan\u021be record \u00een primele nou\u0103 luni ale anului, \u00een care KIA a ob\u021binut o cot\u0103 de pia\u021b\u0103 de 4.2% \u00een Europa pentru trimestrul [&hellip;]\" \/>\n<meta property=\"og:url\" content=\"https:\/\/kia.md\/ro\/noutati\/kia-atinge-un-record-de-vanzari-spectaculos-pe-piata-europeana-de-automobile\/\" \/>\n<meta property=\"og:site_name\" content=\"KIA Moldova\" \/>\n<meta property=\"article:published_time\" content=\"2021-12-13T15:17:04+00:00\" \/>\n<meta property=\"article:modified_time\" content=\"2021-12-17T08:44:50+00:00\" \/>\n<meta property=\"og:image\" content=\"https:\/\/kia.md\/wp-content\/uploads\/2021\/12\/jknki.jpg\" \/>\n\t<meta property=\"og:image:width\" content=\"1050\" \/>\n\t<meta property=\"og:image:height\" content=\"1050\" \/>\n\t<meta property=\"og:image:type\" content=\"image\/jpeg\" \/>\n<meta name=\"author\" content=\"Chester\" \/>\n<meta name=\"twitter:card\" content=\"summary_large_image\" \/>\n<meta name=\"twitter:label1\" content=\"Scris de\" \/>\n\t<meta name=\"twitter:data1\" content=\"Chester\" \/>\n\t<meta name=\"twitter:label2\" content=\"Timp estimat pentru citire\" \/>\n\t<meta name=\"twitter:data2\" content=\"2 minute\" \/>\n<script type=\"application\/ld+json\" class=\"yoast-schema-graph\">{\"@context\":\"https:\/\/schema.org\",\"@graph\":[{\"@type\":\"WebPage\",\"@id\":\"https:\/\/kia.md\/ro\/noutati\/kia-atinge-un-record-de-vanzari-spectaculos-pe-piata-europeana-de-automobile\/\",\"url\":\"https:\/\/kia.md\/ro\/noutati\/kia-atinge-un-record-de-vanzari-spectaculos-pe-piata-europeana-de-automobile\/\",\"name\":\"KIA ATINGE UN RECORD DE V\u00c2NZ\u0102RI SPECTACULOS PE PIA\u021aA EUROPEAN\u0102 DE AUTOMOBILE - KIA Moldova\",\"isPartOf\":{\"@id\":\"https:\/\/kia.md\/ro\/#website\"},\"primaryImageOfPage\":{\"@id\":\"https:\/\/kia.md\/ro\/noutati\/kia-atinge-un-record-de-vanzari-spectaculos-pe-piata-europeana-de-automobile\/#primaryimage\"},\"image\":{\"@id\":\"https:\/\/kia.md\/ro\/noutati\/kia-atinge-un-record-de-vanzari-spectaculos-pe-piata-europeana-de-automobile\/#primaryimage\"},\"thumbnailUrl\":\"https:\/\/kia.md\/wp-content\/uploads\/2021\/12\/jknki.jpg\",\"datePublished\":\"2021-12-13T15:17:04+00:00\",\"dateModified\":\"2021-12-17T08:44:50+00:00\",\"author\":{\"@id\":\"https:\/\/kia.md\/ro\/#\/schema\/person\/b4deef3726cad6f5c01eebba313ccc26\"},\"breadcrumb\":{\"@id\":\"https:\/\/kia.md\/ro\/noutati\/kia-atinge-un-record-de-vanzari-spectaculos-pe-piata-europeana-de-automobile\/#breadcrumb\"},\"inLanguage\":\"ro-RO\",\"potentialAction\":[{\"@type\":\"ReadAction\",\"target\":[\"https:\/\/kia.md\/ro\/noutati\/kia-atinge-un-record-de-vanzari-spectaculos-pe-piata-europeana-de-automobile\/\"]}]},{\"@type\":\"ImageObject\",\"inLanguage\":\"ro-RO\",\"@id\":\"https:\/\/kia.md\/ro\/noutati\/kia-atinge-un-record-de-vanzari-spectaculos-pe-piata-europeana-de-automobile\/#primaryimage\",\"url\":\"https:\/\/kia.md\/wp-content\/uploads\/2021\/12\/jknki.jpg\",\"contentUrl\":\"https:\/\/kia.md\/wp-content\/uploads\/2021\/12\/jknki.jpg\",\"width\":1050,\"height\":1050},{\"@type\":\"BreadcrumbList\",\"@id\":\"https:\/\/kia.md\/ro\/noutati\/kia-atinge-un-record-de-vanzari-spectaculos-pe-piata-europeana-de-automobile\/#breadcrumb\",\"itemListElement\":[{\"@type\":\"ListItem\",\"position\":1,\"name\":\"\u0413\u043b\u0430\u0432\u043d\u0430\u044f \u0441\u0442\u0440\u0430\u043d\u0438\u0446\u0430\",\"item\":\"https:\/\/kia.md\/ro\/\"},{\"@type\":\"ListItem\",\"position\":2,\"name\":\"KIA ATINGE UN RECORD DE V\u00c2NZ\u0102RI SPECTACULOS PE PIA\u021aA EUROPEAN\u0102 DE AUTOMOBILE\"}]},{\"@type\":\"WebSite\",\"@id\":\"https:\/\/kia.md\/ro\/#website\",\"url\":\"https:\/\/kia.md\/ro\/\",\"name\":\"KIA Moldova\",\"description\":\"AutoFrame-FM distribuitorul oficial al automobilelor KIA \u00een Moldova, Chi\u0219in\u0103u Socoleni18 kia md\",\"potentialAction\":[{\"@type\":\"SearchAction\",\"target\":{\"@type\":\"EntryPoint\",\"urlTemplate\":\"https:\/\/kia.md\/ro\/?s={search_term_string}\"},\"query-input\":{\"@type\":\"PropertyValueSpecification\",\"valueRequired\":true,\"valueName\":\"search_term_string\"}}],\"inLanguage\":\"ro-RO\"},{\"@type\":\"Person\",\"@id\":\"https:\/\/kia.md\/ro\/#\/schema\/person\/b4deef3726cad6f5c01eebba313ccc26\",\"name\":\"Chester\",\"image\":{\"@type\":\"ImageObject\",\"inLanguage\":\"ro-RO\",\"@id\":\"https:\/\/kia.md\/ro\/#\/schema\/person\/image\/\",\"url\":\"https:\/\/secure.gravatar.com\/avatar\/57af0a9d8fa0a9a37493f1fe321b6be99a9cd2ee8a81b555fc24509091ea8755?s=96&d=mm&r=g\",\"contentUrl\":\"https:\/\/secure.gravatar.com\/avatar\/57af0a9d8fa0a9a37493f1fe321b6be99a9cd2ee8a81b555fc24509091ea8755?s=96&d=mm&r=g\",\"caption\":\"Chester\"},\"sameAs\":[\"http:\/\/127.0.0.1\"],\"url\":\"https:\/\/kia.md\/ro\/author\/chester\/\"}]}<\/script>\n<!-- \/ Yoast SEO plugin. -->","yoast_head_json":{"title":"KIA ATINGE UN RECORD DE V\u00c2NZ\u0102RI SPECTACULOS PE PIA\u021aA EUROPEAN\u0102 DE AUTOMOBILE - KIA Moldova","robots":{"index":"index","follow":"follow","max-snippet":"max-snippet:-1","max-image-preview":"max-image-preview:large","max-video-preview":"max-video-preview:-1"},"canonical":"https:\/\/kia.md\/ro\/noutati\/kia-atinge-un-record-de-vanzari-spectaculos-pe-piata-europeana-de-automobile\/","og_locale":"ro_RO","og_type":"article","og_title":"KIA ATINGE UN RECORD DE V\u00c2NZ\u0102RI SPECTACULOS PE PIA\u021aA EUROPEAN\u0102 DE AUTOMOBILE - KIA Moldova","og_description":"Conform noilor cifre publicate de ACEA* (Asocia\u021bia produc\u0103torilor europeni de automobile), KIA a atins un nou record pe Continentul European, acapar\u00e2nd 5.4% din pia\u021ba automobilelor de pasageri. Acest lucru se datoreaz\u0103 unei performan\u021be record \u00een primele nou\u0103 luni ale anului, \u00een care KIA a ob\u021binut o cot\u0103 de pia\u021b\u0103 de 4.2% \u00een Europa pentru trimestrul [&hellip;]","og_url":"https:\/\/kia.md\/ro\/noutati\/kia-atinge-un-record-de-vanzari-spectaculos-pe-piata-europeana-de-automobile\/","og_site_name":"KIA Moldova","article_published_time":"2021-12-13T15:17:04+00:00","article_modified_time":"2021-12-17T08:44:50+00:00","og_image":[{"width":1050,"height":1050,"url":"https:\/\/kia.md\/wp-content\/uploads\/2021\/12\/jknki.jpg","type":"image\/jpeg"}],"author":"Chester","twitter_card":"summary_large_image","twitter_misc":{"Scris de":"Chester","Timp estimat pentru citire":"2 minute"},"schema":{"@context":"https:\/\/schema.org","@graph":[{"@type":"WebPage","@id":"https:\/\/kia.md\/ro\/noutati\/kia-atinge-un-record-de-vanzari-spectaculos-pe-piata-europeana-de-automobile\/","url":"https:\/\/kia.md\/ro\/noutati\/kia-atinge-un-record-de-vanzari-spectaculos-pe-piata-europeana-de-automobile\/","name":"KIA ATINGE UN RECORD DE V\u00c2NZ\u0102RI SPECTACULOS PE PIA\u021aA EUROPEAN\u0102 DE AUTOMOBILE - KIA Moldova","isPartOf":{"@id":"https:\/\/kia.md\/ro\/#website"},"primaryImageOfPage":{"@id":"https:\/\/kia.md\/ro\/noutati\/kia-atinge-un-record-de-vanzari-spectaculos-pe-piata-europeana-de-automobile\/#primaryimage"},"image":{"@id":"https:\/\/kia.md\/ro\/noutati\/kia-atinge-un-record-de-vanzari-spectaculos-pe-piata-europeana-de-automobile\/#primaryimage"},"thumbnailUrl":"https:\/\/kia.md\/wp-content\/uploads\/2021\/12\/jknki.jpg","datePublished":"2021-12-13T15:17:04+00:00","dateModified":"2021-12-17T08:44:50+00:00","author":{"@id":"https:\/\/kia.md\/ro\/#\/schema\/person\/b4deef3726cad6f5c01eebba313ccc26"},"breadcrumb":{"@id":"https:\/\/kia.md\/ro\/noutati\/kia-atinge-un-record-de-vanzari-spectaculos-pe-piata-europeana-de-automobile\/#breadcrumb"},"inLanguage":"ro-RO","potentialAction":[{"@type":"ReadAction","target":["https:\/\/kia.md\/ro\/noutati\/kia-atinge-un-record-de-vanzari-spectaculos-pe-piata-europeana-de-automobile\/"]}]},{"@type":"ImageObject","inLanguage":"ro-RO","@id":"https:\/\/kia.md\/ro\/noutati\/kia-atinge-un-record-de-vanzari-spectaculos-pe-piata-europeana-de-automobile\/#primaryimage","url":"https:\/\/kia.md\/wp-content\/uploads\/2021\/12\/jknki.jpg","contentUrl":"https:\/\/kia.md\/wp-content\/uploads\/2021\/12\/jknki.jpg","width":1050,"height":1050},{"@type":"BreadcrumbList","@id":"https:\/\/kia.md\/ro\/noutati\/kia-atinge-un-record-de-vanzari-spectaculos-pe-piata-europeana-de-automobile\/#breadcrumb","itemListElement":[{"@type":"ListItem","position":1,"name":"\u0413\u043b\u0430\u0432\u043d\u0430\u044f \u0441\u0442\u0440\u0430\u043d\u0438\u0446\u0430","item":"https:\/\/kia.md\/ro\/"},{"@type":"ListItem","position":2,"name":"KIA ATINGE UN RECORD DE V\u00c2NZ\u0102RI SPECTACULOS PE PIA\u021aA EUROPEAN\u0102 DE AUTOMOBILE"}]},{"@type":"WebSite","@id":"https:\/\/kia.md\/ro\/#website","url":"https:\/\/kia.md\/ro\/","name":"KIA Moldova","description":"AutoFrame-FM distribuitorul oficial al automobilelor KIA \u00een Moldova, Chi\u0219in\u0103u Socoleni18 kia md","potentialAction":[{"@type":"SearchAction","target":{"@type":"EntryPoint","urlTemplate":"https:\/\/kia.md\/ro\/?s={search_term_string}"},"query-input":{"@type":"PropertyValueSpecification","valueRequired":true,"valueName":"search_term_string"}}],"inLanguage":"ro-RO"},{"@type":"Person","@id":"https:\/\/kia.md\/ro\/#\/schema\/person\/b4deef3726cad6f5c01eebba313ccc26","name":"Chester","image":{"@type":"ImageObject","inLanguage":"ro-RO","@id":"https:\/\/kia.md\/ro\/#\/schema\/person\/image\/","url":"https:\/\/secure.gravatar.com\/avatar\/57af0a9d8fa0a9a37493f1fe321b6be99a9cd2ee8a81b555fc24509091ea8755?s=96&d=mm&r=g","contentUrl":"https:\/\/secure.gravatar.com\/avatar\/57af0a9d8fa0a9a37493f1fe321b6be99a9cd2ee8a81b555fc24509091ea8755?s=96&d=mm&r=g","caption":"Chester"},"sameAs":["http:\/\/127.0.0.1"],"url":"https:\/\/kia.md\/ro\/author\/chester\/"}]}},"_links":{"self":[{"href":"https:\/\/kia.md\/ro\/wp-json\/wp\/v2\/posts\/57791","targetHints":{"allow":["GET"]}}],"collection":[{"href":"https:\/\/kia.md\/ro\/wp-json\/wp\/v2\/posts"}],"about":[{"href":"https:\/\/kia.md\/ro\/wp-json\/wp\/v2\/types\/post"}],"author":[{"embeddable":true,"href":"https:\/\/kia.md\/ro\/wp-json\/wp\/v2\/users\/1"}],"replies":[{"embeddable":true,"href":"https:\/\/kia.md\/ro\/wp-json\/wp\/v2\/comments?post=57791"}],"version-history":[{"count":6,"href":"https:\/\/kia.md\/ro\/wp-json\/wp\/v2\/posts\/57791\/revisions"}],"predecessor-version":[{"id":57840,"href":"https:\/\/kia.md\/ro\/wp-json\/wp\/v2\/posts\/57791\/revisions\/57840"}],"wp:featuredmedia":[{"embeddable":true,"href":"https:\/\/kia.md\/ro\/wp-json\/wp\/v2\/media\/57789"}],"wp:attachment":[{"href":"https:\/\/kia.md\/ro\/wp-json\/wp\/v2\/media?parent=57791"}],"wp:term":[{"taxonomy":"category","embeddable":true,"href":"https:\/\/kia.md\/ro\/wp-json\/wp\/v2\/categories?post=57791"},{"taxonomy":"post_tag","embeddable":true,"href":"https:\/\/kia.md\/ro\/wp-json\/wp\/v2\/tags?post=57791"}],"curies":[{"name":"wp","href":"https:\/\/api.w.org\/{rel}","templated":true}]}}